{"id":143707,"date":"2019-11-05T13:31:31","date_gmt":"2019-11-05T12:31:31","guid":{"rendered":"https:\/\/pellikaan.com\/?p=143707"},"modified":"2019-11-05T13:31:31","modified_gmt":"2019-11-05T12:31:31","slug":"eishockeysaison-bald-wieder-anfaengt","status":"publish","type":"post","link":"https:\/\/pellikaan.com\/de\/eishockeysaison-bald-wieder-anfaengt\/","title":{"rendered":"Eishockeysaison bald wieder anf\u00e4ngt"},"content":{"rendered":"<div class=\"wpb-content-wrapper\"><p>[vc_row unlock_row_content=&#8220;yes&#8220; row_height_percent=&#8220;0&#8243; override_padding=&#8220;yes&#8220; h_padding=&#8220;2&#8243; top_padding=&#8220;0&#8243; bottom_padding=&#8220;2&#8243; overlay_alpha=&#8220;50&#8243; gutter_size=&#8220;3&#8243; column_width_percent=&#8220;100&#8243; shift_y=&#8220;0&#8243; z_index=&#8220;0&#8243; el_class=&#8220;fullsize-blog-right&#8220;][vc_column column_width_percent=&#8220;100&#8243; back_color=&#8220;color-170804&#8243; overlay_alpha=&#8220;50&#8243; gutter_size=&#8220;3&#8243; medium_width=&#8220;0&#8243; mobile_width=&#8220;0&#8243; shift_x=&#8220;0&#8243; shift_y=&#8220;0&#8243; shift_y_down=&#8220;0&#8243; z_index=&#8220;0&#8243; width=&#8220;3\/12&#8243;][vc_widget_sidebar sidebar_id=&#8220;blog-sidebar&#8220;][\/vc_column][vc_column column_width_percent=&#8220;100&#8243; back_color=&#8220;color-xsdn&#8220; overlay_alpha=&#8220;50&#8243; gutter_size=&#8220;3&#8243; medium_width=&#8220;0&#8243; mobile_width=&#8220;0&#8243; shift_x=&#8220;0&#8243; shift_y=&#8220;0&#8243; shift_y_down=&#8220;0&#8243; z_index=&#8220;0&#8243; width=&#8220;9\/12&#8243;][vc_row_inner row_inner_height_percent=&#8220;0&#8243; overlay_alpha=&#8220;50&#8243; gutter_size=&#8220;3&#8243; shift_y=&#8220;0&#8243; z_index=&#8220;0&#8243;][vc_column_inner column_width_percent=&#8220;100&#8243; gutter_size=&#8220;3&#8243; back_color=&#8220;color-xsdn&#8220; overlay_alpha=&#8220;50&#8243; medium_width=&#8220;0&#8243; mobile_width=&#8220;0&#8243; shift_x=&#8220;0&#8243; shift_y=&#8220;-5&#8243; shift_y_down=&#8220;0&#8243; z_index=&#8220;0&#8243; width=&#8220;1\/1&#8243; el_class=&#8220;default-header-block-left&#8220;][vc_custom_heading heading_semantic=&#8220;h1&#8243; text_size=&#8220;h1&#8243;]Eishockeysaison bald wieder anf\u00e4ngt[\/vc_custom_heading][vc_column_text el_class=&#8220;body_text&#8220;]<span id=\"ember7962\" class=\"ember-view\">Herbstfarben erscheinen in den B\u00e4umen, was hei\u00dft dass der Eishockeysaison bald wieder anf\u00e4ngt. Auch f\u00fcr unseren <\/span><span data-entity-hovercard-id=\"urn:li:fs_miniCompany:2831082\" data-entity-type=\"MINI_COMPANY\">Tilburg Trappers<\/span><span id=\"ember7970\" class=\"ember-view\">, die diesen Jahren sehr erfolgreich sind in der Deutschen Oberliga. Vor vielen Jahren spielte die Mannschaft jahrzehntelang in der Tilburger Pellikaanhalle! Unser Gr\u00fcnder Henk Pellikaan war ein gro\u00dfer Eishockeyliebhaber und war jahrelang Vorsitzender des Clubs. Hier finden Sie ihn zwischen den Meistern jener Tage.<\/span><\/p>\n<p><img decoding=\"async\" class=\"size-medium wp-image-143708 aligncenter\" src=\"https:\/\/pellikaan.com\/wp-content\/uploads\/2019\/11\/0-300x157.jpg\" alt=\"\" width=\"300\" height=\"157\" srcset=\"https:\/\/pellikaan.com\/wp-content\/uploads\/2019\/11\/0-300x157.jpg 300w, https:\/\/pellikaan.com\/wp-content\/uploads\/2019\/11\/0-768x402.jpg 768w, https:\/\/pellikaan.com\/wp-content\/uploads\/2019\/11\/0-1024x536.jpg 1024w, https:\/\/pellikaan.com\/wp-content\/uploads\/2019\/11\/0-uai-720x377.jpg 720w, https:\/\/pellikaan.com\/wp-content\/uploads\/2019\/11\/0-uai-1032x540.jpg 1032w, https:\/\/pellikaan.com\/wp-content\/uploads\/2019\/11\/0.jpg 1200w\" sizes=\"(max-width: 300px) 100vw, 300px\" \/>[\/vc_column_text][\/vc_column_inner][\/vc_row_inner][vc_row_inner row_inner_height_percent=&#8220;0&#8243; overlay_alpha=&#8220;50&#8243; gutter_size=&#8220;3&#8243; shift_y=&#8220;0&#8243; z_index=&#8220;0&#8243;][vc_column_inner column_width_percent=&#8220;100&#8243; gutter_size=&#8220;3&#8243; overlay_alpha=&#8220;50&#8243; medium_width=&#8220;0&#8243; mobile_width=&#8220;0&#8243; shift_x=&#8220;0&#8243; shift_y=&#8220;0&#8243; shift_y_down=&#8220;0&#8243; z_index=&#8220;0&#8243; width=&#8220;1\/1&#8243; el_class=&#8220;default-content-block&#8220;][vc_column_text]<div class=\"cta_cover wpb_row row-inner light\"><div class=\"col-lg-1\"><\/div><div class=\"left col-md-5 col-lg-3\" style=\"background-image: url(https:\/\/pellikaan.com\/wp-content\/uploads\/2018\/06\/paul-gerrits.jpg)\"><div class=\"image-overlay\"><div class=\"naam\">Paul Gerrits<\/div><div class=\"role\">Gesch\u00e4ftsf\u00fchrer<\/div><\/div><\/div><div class=\"right col-md-7 col-lg-7\"><div class=\"content\"><h2>Haben Sie eine Frage? Wir helfen Ihnen gern weiter.<\/h2><div class=\"font20\"><p>Schicken Sie uns eine <a href=\"mailto:info@pellikaan.de\">Nachricht<\/a> oder rufen Sie uns an: <a class=\"phone-number\" href=\"tel:02102429060\">02102 42 90 60<\/a>.<\/p><\/div><span class=\"btn-container\"><a href=\"mailto:info@pellikaan.de\" class=\"custom-link btn btn-lg btn-icon-left\">Stellen Sie Ihre Frage<\/a><\/span><\/div><\/div><div class=\"col-lg-1\"><\/div><\/div>[\/vc_column_text][\/vc_column_inner][\/vc_row_inner][\/vc_column][\/vc_row]<\/p>\n<\/div>","protected":false},"excerpt":{"rendered":"<p><img decoding=\"async\" alt=\"\" src=\"https:\/\/pellikaan.com\/wp-content\/uploads\/2016\/09\/duisburgosc-richtspruch.jpg\" style=\"width: 250px; height: 154px; float: left;\">Blauer Himmel, feine Kluft, &nbsp;festlicher Richtkranz \u2013 Dachdeckermeister Jonathan Krzossa fandperfekte Bedingungen f\u00fcr seinen ersten Richtspruch vor. Etwa 100 Handwerker und G\u00e4ste feierten mit ihm die rasanten Baufortschritte der <a href=\"https:\/\/pellikaan.com\/de\/projects\/vereins-und-bewegungszentrum-duisburg-rheinhausen\">Sportwelt des OSC 04 Rheinhausen<\/a>. Das im Juli begonnene Vereins- und Bewegungszentrum wird bereits im November seine T\u00fcren \u00f6ffnen!<\/p>\n","protected":false},"author":6,"featured_media":143708,"comment_status":"open","ping_status":"open","sticky":false,"template":"","format":"standard","meta":{"_acf_changed":false,"footnotes":""},"categories":[140],"tags":[646,498,647],"class_list":["post-143707","post","type-post","status-publish","format-standard","has-post-thumbnail","hentry","category-news-de","tag-eishockeysaison","tag-tilburg","tag-trappers"],"acf":[],"_links":{"self":[{"href":"https:\/\/pellikaan.com\/de\/wp-json\/wp\/v2\/posts\/143707","targetHints":{"allow":["GET"]}}],"collection":[{"href":"https:\/\/pellikaan.com\/de\/wp-json\/wp\/v2\/posts"}],"about":[{"href":"https:\/\/pellikaan.com\/de\/wp-json\/wp\/v2\/types\/post"}],"author":[{"embeddable":true,"href":"https:\/\/pellikaan.com\/de\/wp-json\/wp\/v2\/users\/6"}],"replies":[{"embeddable":true,"href":"https:\/\/pellikaan.com\/de\/wp-json\/wp\/v2\/comments?post=143707"}],"version-history":[{"count":0,"href":"https:\/\/pellikaan.com\/de\/wp-json\/wp\/v2\/posts\/143707\/revisions"}],"wp:featuredmedia":[{"embeddable":true,"href":"https:\/\/pellikaan.com\/de\/wp-json\/wp\/v2\/media\/143708"}],"wp:attachment":[{"href":"https:\/\/pellikaan.com\/de\/wp-json\/wp\/v2\/media?parent=143707"}],"wp:term":[{"taxonomy":"category","embeddable":true,"href":"https:\/\/pellikaan.com\/de\/wp-json\/wp\/v2\/categories?post=143707"},{"taxonomy":"post_tag","embeddable":true,"href":"https:\/\/pellikaan.com\/de\/wp-json\/wp\/v2\/tags?post=143707"}],"curies":[{"name":"wp","href":"https:\/\/api.w.org\/{rel}","templated":true}]}}